{"id":3278,"date":"2026-01-26T09:00:00","date_gmt":"2026-01-26T08:00:00","guid":{"rendered":"https:\/\/www.vieagricole-meuse.fr\/?p=3278"},"modified":"2026-01-26T15:36:12","modified_gmt":"2026-01-26T14:36:12","slug":"ports-de-lorraine-une-premiere-filiale-portuaire","status":"publish","type":"post","link":"https:\/\/www.vieagricole-meuse.fr\/index.php\/2026\/01\/26\/ports-de-lorraine-une-premiere-filiale-portuaire\/","title":{"rendered":"Ports de Lorraine, une premi\u00e8re filiale portuaire"},"content":{"rendered":"Voies navigables de France (VNF) franchit une \u00e9tape strat\u00e9gique dans le d\u00e9veloppement des\u00a0ports int\u00e9rieurs avec la cr\u00e9ation de sa premi\u00e8re filiale portuaire, Ports de Lorraine. Objectif\u00a0: renforcer la comp\u00e9titivit\u00e9 de la\u00a0logistique fluviale et acc\u00e9l\u00e9rer le report modal vers des transports bas carbone. Cette nouvelle structure, soutenue par la r\u00e9gion Grand\u00a0Est, <a href=\"https:\/\/www.vieagricole-meuse.fr\/index.php\/2026\/01\/26\/ports-de-lorraine-une-premiere-filiale-portuaire\/\" class=\"more-link\">(suite\u2026)<\/a>","protected":false},"excerpt":{"rendered":"<p>Voies navigables de France (VNF) franchit une \u00e9tape strat\u00e9gique dans le d\u00e9veloppement des\u00a0ports int\u00e9rieurs avec la cr\u00e9ation de sa premi\u00e8re filiale portuaire, Ports de Lorraine. [&#8230;]<\/p>\n","protected":false},"author":1,"featured_media":3279,"comment_status":"closed","ping_status":"closed","sticky":false,"template":"","format":"standard","meta":{"_monsterinsights_skip_tracking":false,"_monsterinsights_sitenote_active":false,"_monsterinsights_sitenote_note":"","_monsterinsights_sitenote_category":0,"footnotes":"","jetpack_publicize_message":"","jetpack_publicize_feature_enabled":false,"jetpack_social_post_already_shared":false,"jetpack_social_options":{"image_generator_settings":{"template":"highway","default_image_id":0,"font":"","enabled":false},"version":2}},"categories":[3],"tags":[],"class_list":["post-3278","post","type-post","status-publish","format-standard","has-post-thumbnail","hentry","category-vie-professionnelle"],"yoast_head":"<!-- This site is optimized with the Yoast SEO plugin v27.4 - https:\/\/yoast.com\/product\/yoast-seo-wordpress\/ -->\n<title>Ports de Lorraine, une premi\u00e8re filiale portuaire - La Vie Agricole de la Meuse<\/title>\n<meta name=\"robots\" content=\"index, follow, max-snippet:-1, max-image-preview:large, max-video-preview:-1\" \/>\n<link rel=\"canonical\" href=\"https:\/\/www.vieagricole-meuse.fr\/index.php\/2026\/01\/26\/ports-de-lorraine-une-premiere-filiale-portuaire\/\" \/>\n<meta property=\"og:locale\" content=\"fr_FR\" \/>\n<meta property=\"og:type\" content=\"article\" \/>\n<meta property=\"og:title\" content=\"Ports de Lorraine, une premi\u00e8re filiale portuaire - La Vie Agricole de la Meuse\" \/>\n<meta property=\"og:description\" content=\"Voies navigables de France (VNF) franchit une \u00e9tape strat\u00e9gique dans le d\u00e9veloppement des\u00a0ports int\u00e9rieurs avec la cr\u00e9ation de sa premi\u00e8re filiale portuaire, Ports de Lorraine. [...]\" \/>\n<meta property=\"og:url\" content=\"https:\/\/www.vieagricole-meuse.fr\/index.php\/2026\/01\/26\/ports-de-lorraine-une-premiere-filiale-portuaire\/\" \/>\n<meta property=\"og:site_name\" content=\"La Vie Agricole de la Meuse\" \/>\n<meta property=\"article:publisher\" content=\"https:\/\/www.facebook.com\/VieAgricole55\/\" \/>\n<meta property=\"article:published_time\" content=\"2026-01-26T08:00:00+00:00\" \/>\n<meta property=\"article:modified_time\" content=\"2026-01-26T14:36:12+00:00\" \/>\n<meta property=\"og:image\" content=\"https:\/\/www.vieagricole-meuse.fr\/wp-content\/uploads\/2026\/01\/port-metz.jpeg\" \/>\n\t<meta property=\"og:image:width\" content=\"748\" \/>\n\t<meta property=\"og:image:height\" content=\"497\" \/>\n\t<meta property=\"og:image:type\" content=\"image\/jpeg\" \/>\n<meta name=\"author\" content=\"La Vie Agricole\" \/>\n<meta name=\"twitter:card\" content=\"summary_large_image\" \/>\n<meta name=\"twitter:creator\" content=\"@VieAgricole55\" \/>\n<meta name=\"twitter:site\" content=\"@VieAgricole55\" \/>\n<meta name=\"twitter:label1\" content=\"\u00c9crit par\" \/>\n\t<meta name=\"twitter:data1\" content=\"La Vie Agricole\" \/>\n\t<meta name=\"twitter:label2\" content=\"Dur\u00e9e de lecture estim\u00e9e\" \/>\n\t<meta name=\"twitter:data2\" content=\"3 minutes\" \/>\n<script type=\"application\/ld+json\" class=\"yoast-schema-graph\">{\"@context\":\"https:\\\/\\\/schema.org\",\"@graph\":[{\"@type\":\"Article\",\"@id\":\"https:\\\/\\\/www.vieagricole-meuse.fr\\\/index.php\\\/2026\\\/01\\\/26\\\/ports-de-lorraine-une-premiere-filiale-portuaire\\\/#article\",\"isPartOf\":{\"@id\":\"https:\\\/\\\/www.vieagricole-meuse.fr\\\/index.php\\\/2026\\\/01\\\/26\\\/ports-de-lorraine-une-premiere-filiale-portuaire\\\/\"},\"author\":{\"name\":\"La Vie Agricole\",\"@id\":\"https:\\\/\\\/www.vieagricole-meuse.fr\\\/#\\\/schema\\\/person\\\/ed64c546ce34f2879a904c5cb7605065\"},\"headline\":\"Ports de Lorraine, une premi\u00e8re filiale portuaire\",\"datePublished\":\"2026-01-26T08:00:00+00:00\",\"dateModified\":\"2026-01-26T14:36:12+00:00\",\"mainEntityOfPage\":{\"@id\":\"https:\\\/\\\/www.vieagricole-meuse.fr\\\/index.php\\\/2026\\\/01\\\/26\\\/ports-de-lorraine-une-premiere-filiale-portuaire\\\/\"},\"wordCount\":517,\"publisher\":{\"@id\":\"https:\\\/\\\/www.vieagricole-meuse.fr\\\/#organization\"},\"image\":{\"@id\":\"https:\\\/\\\/www.vieagricole-meuse.fr\\\/index.php\\\/2026\\\/01\\\/26\\\/ports-de-lorraine-une-premiere-filiale-portuaire\\\/#primaryimage\"},\"thumbnailUrl\":\"https:\\\/\\\/www.vieagricole-meuse.fr\\\/wp-content\\\/uploads\\\/2026\\\/01\\\/port-metz.jpeg\",\"articleSection\":[\"Vie Professionnelle\"],\"inLanguage\":\"fr-FR\"},{\"@type\":\"WebPage\",\"@id\":\"https:\\\/\\\/www.vieagricole-meuse.fr\\\/index.php\\\/2026\\\/01\\\/26\\\/ports-de-lorraine-une-premiere-filiale-portuaire\\\/\",\"url\":\"https:\\\/\\\/www.vieagricole-meuse.fr\\\/index.php\\\/2026\\\/01\\\/26\\\/ports-de-lorraine-une-premiere-filiale-portuaire\\\/\",\"name\":\"Ports de Lorraine, une premi\u00e8re filiale portuaire - La Vie Agricole de la Meuse\",\"isPartOf\":{\"@id\":\"https:\\\/\\\/www.vieagricole-meuse.fr\\\/#website\"},\"primaryImageOfPage\":{\"@id\":\"https:\\\/\\\/www.vieagricole-meuse.fr\\\/index.php\\\/2026\\\/01\\\/26\\\/ports-de-lorraine-une-premiere-filiale-portuaire\\\/#primaryimage\"},\"image\":{\"@id\":\"https:\\\/\\\/www.vieagricole-meuse.fr\\\/index.php\\\/2026\\\/01\\\/26\\\/ports-de-lorraine-une-premiere-filiale-portuaire\\\/#primaryimage\"},\"thumbnailUrl\":\"https:\\\/\\\/www.vieagricole-meuse.fr\\\/wp-content\\\/uploads\\\/2026\\\/01\\\/port-metz.jpeg\",\"datePublished\":\"2026-01-26T08:00:00+00:00\",\"dateModified\":\"2026-01-26T14:36:12+00:00\",\"breadcrumb\":{\"@id\":\"https:\\\/\\\/www.vieagricole-meuse.fr\\\/index.php\\\/2026\\\/01\\\/26\\\/ports-de-lorraine-une-premiere-filiale-portuaire\\\/#breadcrumb\"},\"inLanguage\":\"fr-FR\",\"potentialAction\":[{\"@type\":\"ReadAction\",\"target\":[\"https:\\\/\\\/www.vieagricole-meuse.fr\\\/index.php\\\/2026\\\/01\\\/26\\\/ports-de-lorraine-une-premiere-filiale-portuaire\\\/\"]}]},{\"@type\":\"ImageObject\",\"inLanguage\":\"fr-FR\",\"@id\":\"https:\\\/\\\/www.vieagricole-meuse.fr\\\/index.php\\\/2026\\\/01\\\/26\\\/ports-de-lorraine-une-premiere-filiale-portuaire\\\/#primaryimage\",\"url\":\"https:\\\/\\\/www.vieagricole-meuse.fr\\\/wp-content\\\/uploads\\\/2026\\\/01\\\/port-metz.jpeg\",\"contentUrl\":\"https:\\\/\\\/www.vieagricole-meuse.fr\\\/wp-content\\\/uploads\\\/2026\\\/01\\\/port-metz.jpeg\",\"width\":748,\"height\":497},{\"@type\":\"BreadcrumbList\",\"@id\":\"https:\\\/\\\/www.vieagricole-meuse.fr\\\/index.php\\\/2026\\\/01\\\/26\\\/ports-de-lorraine-une-premiere-filiale-portuaire\\\/#breadcrumb\",\"itemListElement\":[{\"@type\":\"ListItem\",\"position\":1,\"name\":\"Accueil\",\"item\":\"https:\\\/\\\/www.vieagricole-meuse.fr\\\/\"},{\"@type\":\"ListItem\",\"position\":2,\"name\":\"Ports de Lorraine, une premi\u00e8re filiale portuaire\"}]},{\"@type\":\"WebSite\",\"@id\":\"https:\\\/\\\/www.vieagricole-meuse.fr\\\/#website\",\"url\":\"https:\\\/\\\/www.vieagricole-meuse.fr\\\/\",\"name\":\"La Vie Agricole de la Meuse\",\"description\":\"L&#039;information meusienne de proximit\u00e9\",\"publisher\":{\"@id\":\"https:\\\/\\\/www.vieagricole-meuse.fr\\\/#organization\"},\"potentialAction\":[{\"@type\":\"SearchAction\",\"target\":{\"@type\":\"EntryPoint\",\"urlTemplate\":\"https:\\\/\\\/www.vieagricole-meuse.fr\\\/?s={search_term_string}\"},\"query-input\":{\"@type\":\"PropertyValueSpecification\",\"valueRequired\":true,\"valueName\":\"search_term_string\"}}],\"inLanguage\":\"fr-FR\"},{\"@type\":\"Organization\",\"@id\":\"https:\\\/\\\/www.vieagricole-meuse.fr\\\/#organization\",\"name\":\"La Vie Agricole de la Meuse\",\"url\":\"https:\\\/\\\/www.vieagricole-meuse.fr\\\/\",\"logo\":{\"@type\":\"ImageObject\",\"inLanguage\":\"fr-FR\",\"@id\":\"https:\\\/\\\/www.vieagricole-meuse.fr\\\/#\\\/schema\\\/logo\\\/image\\\/\",\"url\":\"https:\\\/\\\/www.vieagricole-meuse.fr\\\/wp-content\\\/uploads\\\/2024\\\/04\\\/cropped-cropped-baniere.png\",\"contentUrl\":\"https:\\\/\\\/www.vieagricole-meuse.fr\\\/wp-content\\\/uploads\\\/2024\\\/04\\\/cropped-cropped-baniere.png\",\"width\":1183,\"height\":233,\"caption\":\"La Vie Agricole de la Meuse\"},\"image\":{\"@id\":\"https:\\\/\\\/www.vieagricole-meuse.fr\\\/#\\\/schema\\\/logo\\\/image\\\/\"},\"sameAs\":[\"https:\\\/\\\/www.facebook.com\\\/VieAgricole55\\\/\",\"https:\\\/\\\/x.com\\\/VieAgricole55\",\"https:\\\/\\\/www.linkedin.com\\\/company\\\/88410665\\\/\"]},{\"@type\":\"Person\",\"@id\":\"https:\\\/\\\/www.vieagricole-meuse.fr\\\/#\\\/schema\\\/person\\\/ed64c546ce34f2879a904c5cb7605065\",\"name\":\"La Vie Agricole\",\"image\":{\"@type\":\"ImageObject\",\"inLanguage\":\"fr-FR\",\"@id\":\"https:\\\/\\\/secure.gravatar.com\\\/avatar\\\/709e273a9b2caa959f03635514f1f0ec6c0bed6d3b589533417720dba44356e6?s=96&d=mm&r=g\",\"url\":\"https:\\\/\\\/secure.gravatar.com\\\/avatar\\\/709e273a9b2caa959f03635514f1f0ec6c0bed6d3b589533417720dba44356e6?s=96&d=mm&r=g\",\"contentUrl\":\"https:\\\/\\\/secure.gravatar.com\\\/avatar\\\/709e273a9b2caa959f03635514f1f0ec6c0bed6d3b589533417720dba44356e6?s=96&d=mm&r=g\",\"caption\":\"La Vie Agricole\"},\"sameAs\":[\"http:\\\/\\\/www.vieagricole-meuse.fr\"],\"url\":\"https:\\\/\\\/www.vieagricole-meuse.fr\\\/index.php\\\/author\\\/admin1910\\\/\"}]}<\/script>\n<!-- \/ Yoast SEO plugin. -->","yoast_head_json":{"title":"Ports de Lorraine, une premi\u00e8re filiale portuaire - La Vie Agricole de la Meuse","robots":{"index":"index","follow":"follow","max-snippet":"max-snippet:-1","max-image-preview":"max-image-preview:large","max-video-preview":"max-video-preview:-1"},"canonical":"https:\/\/www.vieagricole-meuse.fr\/index.php\/2026\/01\/26\/ports-de-lorraine-une-premiere-filiale-portuaire\/","og_locale":"fr_FR","og_type":"article","og_title":"Ports de Lorraine, une premi\u00e8re filiale portuaire - La Vie Agricole de la Meuse","og_description":"Voies navigables de France (VNF) franchit une \u00e9tape strat\u00e9gique dans le d\u00e9veloppement des\u00a0ports int\u00e9rieurs avec la cr\u00e9ation de sa premi\u00e8re filiale portuaire, Ports de Lorraine. [...]","og_url":"https:\/\/www.vieagricole-meuse.fr\/index.php\/2026\/01\/26\/ports-de-lorraine-une-premiere-filiale-portuaire\/","og_site_name":"La Vie Agricole de la Meuse","article_publisher":"https:\/\/www.facebook.com\/VieAgricole55\/","article_published_time":"2026-01-26T08:00:00+00:00","article_modified_time":"2026-01-26T14:36:12+00:00","og_image":[{"width":748,"height":497,"url":"https:\/\/www.vieagricole-meuse.fr\/wp-content\/uploads\/2026\/01\/port-metz.jpeg","type":"image\/jpeg"}],"author":"La Vie Agricole","twitter_card":"summary_large_image","twitter_creator":"@VieAgricole55","twitter_site":"@VieAgricole55","twitter_misc":{"\u00c9crit par":"La Vie Agricole","Dur\u00e9e de lecture estim\u00e9e":"3 minutes"},"schema":{"@context":"https:\/\/schema.org","@graph":[{"@type":"Article","@id":"https:\/\/www.vieagricole-meuse.fr\/index.php\/2026\/01\/26\/ports-de-lorraine-une-premiere-filiale-portuaire\/#article","isPartOf":{"@id":"https:\/\/www.vieagricole-meuse.fr\/index.php\/2026\/01\/26\/ports-de-lorraine-une-premiere-filiale-portuaire\/"},"author":{"name":"La Vie Agricole","@id":"https:\/\/www.vieagricole-meuse.fr\/#\/schema\/person\/ed64c546ce34f2879a904c5cb7605065"},"headline":"Ports de Lorraine, une premi\u00e8re filiale portuaire","datePublished":"2026-01-26T08:00:00+00:00","dateModified":"2026-01-26T14:36:12+00:00","mainEntityOfPage":{"@id":"https:\/\/www.vieagricole-meuse.fr\/index.php\/2026\/01\/26\/ports-de-lorraine-une-premiere-filiale-portuaire\/"},"wordCount":517,"publisher":{"@id":"https:\/\/www.vieagricole-meuse.fr\/#organization"},"image":{"@id":"https:\/\/www.vieagricole-meuse.fr\/index.php\/2026\/01\/26\/ports-de-lorraine-une-premiere-filiale-portuaire\/#primaryimage"},"thumbnailUrl":"https:\/\/www.vieagricole-meuse.fr\/wp-content\/uploads\/2026\/01\/port-metz.jpeg","articleSection":["Vie Professionnelle"],"inLanguage":"fr-FR"},{"@type":"WebPage","@id":"https:\/\/www.vieagricole-meuse.fr\/index.php\/2026\/01\/26\/ports-de-lorraine-une-premiere-filiale-portuaire\/","url":"https:\/\/www.vieagricole-meuse.fr\/index.php\/2026\/01\/26\/ports-de-lorraine-une-premiere-filiale-portuaire\/","name":"Ports de Lorraine, une premi\u00e8re filiale portuaire - La Vie Agricole de la Meuse","isPartOf":{"@id":"https:\/\/www.vieagricole-meuse.fr\/#website"},"primaryImageOfPage":{"@id":"https:\/\/www.vieagricole-meuse.fr\/index.php\/2026\/01\/26\/ports-de-lorraine-une-premiere-filiale-portuaire\/#primaryimage"},"image":{"@id":"https:\/\/www.vieagricole-meuse.fr\/index.php\/2026\/01\/26\/ports-de-lorraine-une-premiere-filiale-portuaire\/#primaryimage"},"thumbnailUrl":"https:\/\/www.vieagricole-meuse.fr\/wp-content\/uploads\/2026\/01\/port-metz.jpeg","datePublished":"2026-01-26T08:00:00+00:00","dateModified":"2026-01-26T14:36:12+00:00","breadcrumb":{"@id":"https:\/\/www.vieagricole-meuse.fr\/index.php\/2026\/01\/26\/ports-de-lorraine-une-premiere-filiale-portuaire\/#breadcrumb"},"inLanguage":"fr-FR","potentialAction":[{"@type":"ReadAction","target":["https:\/\/www.vieagricole-meuse.fr\/index.php\/2026\/01\/26\/ports-de-lorraine-une-premiere-filiale-portuaire\/"]}]},{"@type":"ImageObject","inLanguage":"fr-FR","@id":"https:\/\/www.vieagricole-meuse.fr\/index.php\/2026\/01\/26\/ports-de-lorraine-une-premiere-filiale-portuaire\/#primaryimage","url":"https:\/\/www.vieagricole-meuse.fr\/wp-content\/uploads\/2026\/01\/port-metz.jpeg","contentUrl":"https:\/\/www.vieagricole-meuse.fr\/wp-content\/uploads\/2026\/01\/port-metz.jpeg","width":748,"height":497},{"@type":"BreadcrumbList","@id":"https:\/\/www.vieagricole-meuse.fr\/index.php\/2026\/01\/26\/ports-de-lorraine-une-premiere-filiale-portuaire\/#breadcrumb","itemListElement":[{"@type":"ListItem","position":1,"name":"Accueil","item":"https:\/\/www.vieagricole-meuse.fr\/"},{"@type":"ListItem","position":2,"name":"Ports de Lorraine, une premi\u00e8re filiale portuaire"}]},{"@type":"WebSite","@id":"https:\/\/www.vieagricole-meuse.fr\/#website","url":"https:\/\/www.vieagricole-meuse.fr\/","name":"La Vie Agricole de la Meuse","description":"L&#039;information meusienne de proximit\u00e9","publisher":{"@id":"https:\/\/www.vieagricole-meuse.fr\/#organization"},"potentialAction":[{"@type":"SearchAction","target":{"@type":"EntryPoint","urlTemplate":"https:\/\/www.vieagricole-meuse.fr\/?s={search_term_string}"},"query-input":{"@type":"PropertyValueSpecification","valueRequired":true,"valueName":"search_term_string"}}],"inLanguage":"fr-FR"},{"@type":"Organization","@id":"https:\/\/www.vieagricole-meuse.fr\/#organization","name":"La Vie Agricole de la Meuse","url":"https:\/\/www.vieagricole-meuse.fr\/","logo":{"@type":"ImageObject","inLanguage":"fr-FR","@id":"https:\/\/www.vieagricole-meuse.fr\/#\/schema\/logo\/image\/","url":"https:\/\/www.vieagricole-meuse.fr\/wp-content\/uploads\/2024\/04\/cropped-cropped-baniere.png","contentUrl":"https:\/\/www.vieagricole-meuse.fr\/wp-content\/uploads\/2024\/04\/cropped-cropped-baniere.png","width":1183,"height":233,"caption":"La Vie Agricole de la Meuse"},"image":{"@id":"https:\/\/www.vieagricole-meuse.fr\/#\/schema\/logo\/image\/"},"sameAs":["https:\/\/www.facebook.com\/VieAgricole55\/","https:\/\/x.com\/VieAgricole55","https:\/\/www.linkedin.com\/company\/88410665\/"]},{"@type":"Person","@id":"https:\/\/www.vieagricole-meuse.fr\/#\/schema\/person\/ed64c546ce34f2879a904c5cb7605065","name":"La Vie Agricole","image":{"@type":"ImageObject","inLanguage":"fr-FR","@id":"https:\/\/secure.gravatar.com\/avatar\/709e273a9b2caa959f03635514f1f0ec6c0bed6d3b589533417720dba44356e6?s=96&d=mm&r=g","url":"https:\/\/secure.gravatar.com\/avatar\/709e273a9b2caa959f03635514f1f0ec6c0bed6d3b589533417720dba44356e6?s=96&d=mm&r=g","contentUrl":"https:\/\/secure.gravatar.com\/avatar\/709e273a9b2caa959f03635514f1f0ec6c0bed6d3b589533417720dba44356e6?s=96&d=mm&r=g","caption":"La Vie Agricole"},"sameAs":["http:\/\/www.vieagricole-meuse.fr"],"url":"https:\/\/www.vieagricole-meuse.fr\/index.php\/author\/admin1910\/"}]}},"jetpack_publicize_connections":[],"_links":{"self":[{"href":"https:\/\/www.vieagricole-meuse.fr\/index.php\/wp-json\/wp\/v2\/posts\/3278","targetHints":{"allow":["GET"]}}],"collection":[{"href":"https:\/\/www.vieagricole-meuse.fr\/index.php\/wp-json\/wp\/v2\/posts"}],"about":[{"href":"https:\/\/www.vieagricole-meuse.fr\/index.php\/wp-json\/wp\/v2\/types\/post"}],"author":[{"embeddable":true,"href":"https:\/\/www.vieagricole-meuse.fr\/index.php\/wp-json\/wp\/v2\/users\/1"}],"replies":[{"embeddable":true,"href":"https:\/\/www.vieagricole-meuse.fr\/index.php\/wp-json\/wp\/v2\/comments?post=3278"}],"version-history":[{"count":1,"href":"https:\/\/www.vieagricole-meuse.fr\/index.php\/wp-json\/wp\/v2\/posts\/3278\/revisions"}],"predecessor-version":[{"id":3280,"href":"https:\/\/www.vieagricole-meuse.fr\/index.php\/wp-json\/wp\/v2\/posts\/3278\/revisions\/3280"}],"wp:featuredmedia":[{"embeddable":true,"href":"https:\/\/www.vieagricole-meuse.fr\/index.php\/wp-json\/wp\/v2\/media\/3279"}],"wp:attachment":[{"href":"https:\/\/www.vieagricole-meuse.fr\/index.php\/wp-json\/wp\/v2\/media?parent=3278"}],"wp:term":[{"taxonomy":"category","embeddable":true,"href":"https:\/\/www.vieagricole-meuse.fr\/index.php\/wp-json\/wp\/v2\/categories?post=3278"},{"taxonomy":"post_tag","embeddable":true,"href":"https:\/\/www.vieagricole-meuse.fr\/index.php\/wp-json\/wp\/v2\/tags?post=3278"}],"curies":[{"name":"wp","href":"https:\/\/api.w.org\/{rel}","templated":true}]}}