{"id":4127,"date":"2026-09-04T11:05:42","date_gmt":"2026-09-04T09:05:42","guid":{"rendered":"https:\/\/www.vieagricole-meuse.fr\/?p=4127"},"modified":"2026-09-03T15:29:43","modified_gmt":"2026-09-03T13:29:43","slug":"au-gaec-de-lorne-une-famille-unie-autour-de-lelevage","status":"publish","type":"post","link":"https:\/\/www.vieagricole-meuse.fr\/index.php\/2026\/09\/04\/au-gaec-de-lorne-une-famille-unie-autour-de-lelevage\/","title":{"rendered":"Au GAEC de l&rsquo;Orne, une famille unie autour de l\u2019\u00e9levage"},"content":{"rendered":"\u00c0 Parfondrupt, une famille d\u2019\u00e9leveurs a converti son exploitation \u00e0 l\u2019agriculture biologique en 2017 et adopt\u00e9 la race jersiaise, privil\u00e9giant la qualit\u00e9 du lait. Pouss\u00e9e\u00a0par Aline, salari\u00e9e sur la ferme familiale, toute la tribu participe depuis 2022 aux\u00a0concours bovins de la r\u00e9gion, devenus des rendez-vous f\u00e9d\u00e9rateurs. \u00c0 Parfondrupt, situ\u00e9 dans <a href=\"https:\/\/www.vieagricole-meuse.fr\/index.php\/2026\/09\/04\/au-gaec-de-lorne-une-famille-unie-autour-de-lelevage\/\" class=\"more-link\">(suite\u2026)<\/a>","protected":false},"excerpt":{"rendered":"<p>\u00c0 Parfondrupt, une famille d\u2019\u00e9leveurs a converti son exploitation \u00e0 l\u2019agriculture biologique en 2017 et adopt\u00e9 la race jersiaise, privil\u00e9giant la qualit\u00e9 du lait. Pouss\u00e9e\u00a0par [&#8230;]<\/p>\n","protected":false},"author":4,"featured_media":4128,"comment_status":"closed","ping_status":"closed","sticky":false,"template":"","format":"standard","meta":{"_monsterinsights_skip_tracking":false,"footnotes":"","jetpack_publicize_message":"","jetpack_publicize_feature_enabled":true,"jetpack_social_post_already_shared":true,"jetpack_social_options":{"image_generator_settings":{"template":"highway","default_image_id":0,"font":"","enabled":false},"version":2}},"categories":[6],"tags":[],"class_list":["post-4127","post","type-post","status-publish","format-standard","has-post-thumbnail","hentry","category-elevages"],"yoast_head":"<!-- This site is optimized with the Yoast SEO plugin v28.4 - https:\/\/yoast.com\/product\/yoast-seo-wordpress\/ -->\n<title>Au GAEC de l&#039;Orne, une famille unie autour de l\u2019\u00e9levage - La Vie Agricole de la Meuse<\/title>\n<meta name=\"robots\" content=\"index, follow, max-snippet:-1, max-image-preview:large, max-video-preview:-1\" \/>\n<link rel=\"canonical\" href=\"https:\/\/www.vieagricole-meuse.fr\/index.php\/2026\/09\/04\/au-gaec-de-lorne-une-famille-unie-autour-de-lelevage\/\" \/>\n<meta property=\"og:locale\" content=\"fr_FR\" \/>\n<meta property=\"og:type\" content=\"article\" \/>\n<meta property=\"og:title\" content=\"Au GAEC de l&#039;Orne, une famille unie autour de l\u2019\u00e9levage - La Vie Agricole de la Meuse\" \/>\n<meta property=\"og:description\" content=\"\u00c0 Parfondrupt, une famille d\u2019\u00e9leveurs a converti son exploitation \u00e0 l\u2019agriculture biologique en 2017 et adopt\u00e9 la race jersiaise, privil\u00e9giant la qualit\u00e9 du lait. Pouss\u00e9e\u00a0par [...]\" \/>\n<meta property=\"og:url\" content=\"https:\/\/www.vieagricole-meuse.fr\/index.php\/2026\/09\/04\/au-gaec-de-lorne-une-famille-unie-autour-de-lelevage\/\" \/>\n<meta property=\"og:site_name\" content=\"La Vie Agricole de la Meuse\" \/>\n<meta property=\"article:publisher\" content=\"https:\/\/www.facebook.com\/VieAgricole55\/\" \/>\n<meta property=\"article:published_time\" content=\"2026-09-04T09:05:42+00:00\" \/>\n<meta property=\"og:image\" content=\"https:\/\/www.vieagricole-meuse.fr\/wp-content\/uploads\/2026\/09\/IMG_8387-scaled.jpg\" \/>\n\t<meta property=\"og:image:width\" content=\"2560\" \/>\n\t<meta property=\"og:image:height\" content=\"1707\" \/>\n\t<meta property=\"og:image:type\" content=\"image\/jpeg\" \/>\n<meta name=\"author\" content=\"AURELIE JOZWIK\" \/>\n<meta name=\"twitter:card\" content=\"summary_large_image\" \/>\n<meta name=\"twitter:creator\" content=\"@VieAgricole55\" \/>\n<meta name=\"twitter:site\" content=\"@VieAgricole55\" \/>\n<meta name=\"twitter:label1\" content=\"\u00c9crit par\" \/>\n\t<meta name=\"twitter:data1\" content=\"AURELIE JOZWIK\" \/>\n\t<meta name=\"twitter:label2\" content=\"Dur\u00e9e de lecture estim\u00e9e\" \/>\n\t<meta name=\"twitter:data2\" content=\"4 minutes\" \/>\n<script type=\"application\/ld+json\" class=\"yoast-schema-graph\">{\"@context\":\"https:\\\/\\\/schema.org\",\"@graph\":[{\"@type\":\"Article\",\"@id\":\"https:\\\/\\\/www.vieagricole-meuse.fr\\\/index.php\\\/2026\\\/09\\\/04\\\/au-gaec-de-lorne-une-famille-unie-autour-de-lelevage\\\/#article\",\"isPartOf\":{\"@id\":\"https:\\\/\\\/www.vieagricole-meuse.fr\\\/index.php\\\/2026\\\/09\\\/04\\\/au-gaec-de-lorne-une-famille-unie-autour-de-lelevage\\\/\"},\"author\":{\"name\":\"AURELIE JOZWIK\",\"@id\":\"https:\\\/\\\/www.vieagricole-meuse.fr\\\/#\\\/schema\\\/person\\\/f6efa031254d3676a0eaa49eb185abac\"},\"headline\":\"Au GAEC de l&rsquo;Orne, une famille unie autour de l\u2019\u00e9levage\",\"datePublished\":\"2026-09-04T09:05:42+00:00\",\"mainEntityOfPage\":{\"@id\":\"https:\\\/\\\/www.vieagricole-meuse.fr\\\/index.php\\\/2026\\\/09\\\/04\\\/au-gaec-de-lorne-une-famille-unie-autour-de-lelevage\\\/\"},\"wordCount\":807,\"publisher\":{\"@id\":\"https:\\\/\\\/www.vieagricole-meuse.fr\\\/#organization\"},\"image\":{\"@id\":\"https:\\\/\\\/www.vieagricole-meuse.fr\\\/index.php\\\/2026\\\/09\\\/04\\\/au-gaec-de-lorne-une-famille-unie-autour-de-lelevage\\\/#primaryimage\"},\"thumbnailUrl\":\"https:\\\/\\\/www.vieagricole-meuse.fr\\\/wp-content\\\/uploads\\\/2026\\\/09\\\/IMG_8387-scaled.jpg\",\"articleSection\":[\"Elevages\"],\"inLanguage\":\"fr-FR\"},{\"@type\":\"WebPage\",\"@id\":\"https:\\\/\\\/www.vieagricole-meuse.fr\\\/index.php\\\/2026\\\/09\\\/04\\\/au-gaec-de-lorne-une-famille-unie-autour-de-lelevage\\\/\",\"url\":\"https:\\\/\\\/www.vieagricole-meuse.fr\\\/index.php\\\/2026\\\/09\\\/04\\\/au-gaec-de-lorne-une-famille-unie-autour-de-lelevage\\\/\",\"name\":\"Au GAEC de l'Orne, une famille unie autour de l\u2019\u00e9levage - La Vie Agricole de la Meuse\",\"isPartOf\":{\"@id\":\"https:\\\/\\\/www.vieagricole-meuse.fr\\\/#website\"},\"primaryImageOfPage\":{\"@id\":\"https:\\\/\\\/www.vieagricole-meuse.fr\\\/index.php\\\/2026\\\/09\\\/04\\\/au-gaec-de-lorne-une-famille-unie-autour-de-lelevage\\\/#primaryimage\"},\"image\":{\"@id\":\"https:\\\/\\\/www.vieagricole-meuse.fr\\\/index.php\\\/2026\\\/09\\\/04\\\/au-gaec-de-lorne-une-famille-unie-autour-de-lelevage\\\/#primaryimage\"},\"thumbnailUrl\":\"https:\\\/\\\/www.vieagricole-meuse.fr\\\/wp-content\\\/uploads\\\/2026\\\/09\\\/IMG_8387-scaled.jpg\",\"datePublished\":\"2026-09-04T09:05:42+00:00\",\"breadcrumb\":{\"@id\":\"https:\\\/\\\/www.vieagricole-meuse.fr\\\/index.php\\\/2026\\\/09\\\/04\\\/au-gaec-de-lorne-une-famille-unie-autour-de-lelevage\\\/#breadcrumb\"},\"inLanguage\":\"fr-FR\",\"potentialAction\":[{\"@type\":\"ReadAction\",\"target\":[\"https:\\\/\\\/www.vieagricole-meuse.fr\\\/index.php\\\/2026\\\/09\\\/04\\\/au-gaec-de-lorne-une-famille-unie-autour-de-lelevage\\\/\"]}]},{\"@type\":\"ImageObject\",\"inLanguage\":\"fr-FR\",\"@id\":\"https:\\\/\\\/www.vieagricole-meuse.fr\\\/index.php\\\/2026\\\/09\\\/04\\\/au-gaec-de-lorne-une-famille-unie-autour-de-lelevage\\\/#primaryimage\",\"url\":\"https:\\\/\\\/www.vieagricole-meuse.fr\\\/wp-content\\\/uploads\\\/2026\\\/09\\\/IMG_8387-scaled.jpg\",\"contentUrl\":\"https:\\\/\\\/www.vieagricole-meuse.fr\\\/wp-content\\\/uploads\\\/2026\\\/09\\\/IMG_8387-scaled.jpg\",\"width\":2560,\"height\":1707},{\"@type\":\"BreadcrumbList\",\"@id\":\"https:\\\/\\\/www.vieagricole-meuse.fr\\\/index.php\\\/2026\\\/09\\\/04\\\/au-gaec-de-lorne-une-famille-unie-autour-de-lelevage\\\/#breadcrumb\",\"itemListElement\":[{\"@type\":\"ListItem\",\"position\":1,\"name\":\"Accueil\",\"item\":\"https:\\\/\\\/www.vieagricole-meuse.fr\\\/\"},{\"@type\":\"ListItem\",\"position\":2,\"name\":\"Au GAEC de l&rsquo;Orne, une famille unie autour de l\u2019\u00e9levage\"}]},{\"@type\":\"WebSite\",\"@id\":\"https:\\\/\\\/www.vieagricole-meuse.fr\\\/#website\",\"url\":\"https:\\\/\\\/www.vieagricole-meuse.fr\\\/\",\"name\":\"La Vie Agricole de la Meuse\",\"description\":\"L&#039;information meusienne de proximit\u00e9\",\"publisher\":{\"@id\":\"https:\\\/\\\/www.vieagricole-meuse.fr\\\/#organization\"},\"potentialAction\":[{\"@type\":\"SearchAction\",\"target\":{\"@type\":\"EntryPoint\",\"urlTemplate\":\"https:\\\/\\\/www.vieagricole-meuse.fr\\\/?s={search_term_string}\"},\"query-input\":{\"@type\":\"PropertyValueSpecification\",\"valueRequired\":true,\"valueName\":\"search_term_string\"}}],\"inLanguage\":\"fr-FR\"},{\"@type\":\"Organization\",\"@id\":\"https:\\\/\\\/www.vieagricole-meuse.fr\\\/#organization\",\"name\":\"La Vie Agricole de la Meuse\",\"url\":\"https:\\\/\\\/www.vieagricole-meuse.fr\\\/\",\"logo\":{\"@type\":\"ImageObject\",\"inLanguage\":\"fr-FR\",\"@id\":\"https:\\\/\\\/www.vieagricole-meuse.fr\\\/#\\\/schema\\\/logo\\\/image\\\/\",\"url\":\"https:\\\/\\\/www.vieagricole-meuse.fr\\\/wp-content\\\/uploads\\\/2024\\\/04\\\/cropped-cropped-baniere.png\",\"contentUrl\":\"https:\\\/\\\/www.vieagricole-meuse.fr\\\/wp-content\\\/uploads\\\/2024\\\/04\\\/cropped-cropped-baniere.png\",\"width\":1183,\"height\":233,\"caption\":\"La Vie Agricole de la Meuse\"},\"image\":{\"@id\":\"https:\\\/\\\/www.vieagricole-meuse.fr\\\/#\\\/schema\\\/logo\\\/image\\\/\"},\"sameAs\":[\"https:\\\/\\\/www.facebook.com\\\/VieAgricole55\\\/\",\"https:\\\/\\\/x.com\\\/VieAgricole55\",\"https:\\\/\\\/www.linkedin.com\\\/company\\\/88410665\\\/\"]},{\"@type\":\"Person\",\"@id\":\"https:\\\/\\\/www.vieagricole-meuse.fr\\\/#\\\/schema\\\/person\\\/f6efa031254d3676a0eaa49eb185abac\",\"name\":\"AURELIE JOZWIK\",\"image\":{\"@type\":\"ImageObject\",\"inLanguage\":\"fr-FR\",\"@id\":\"https:\\\/\\\/secure.gravatar.com\\\/avatar\\\/e6dcd5eeb7d902182c9f68aac11a527dceff206d40c27c38db3791f1e80b286e?s=96&d=mm&r=g\",\"url\":\"https:\\\/\\\/secure.gravatar.com\\\/avatar\\\/e6dcd5eeb7d902182c9f68aac11a527dceff206d40c27c38db3791f1e80b286e?s=96&d=mm&r=g\",\"contentUrl\":\"https:\\\/\\\/secure.gravatar.com\\\/avatar\\\/e6dcd5eeb7d902182c9f68aac11a527dceff206d40c27c38db3791f1e80b286e?s=96&d=mm&r=g\",\"caption\":\"AURELIE JOZWIK\"},\"url\":\"https:\\\/\\\/www.vieagricole-meuse.fr\\\/index.php\\\/author\\\/ajozwik\\\/\"}]}<\/script>\n<!-- \/ Yoast SEO plugin. -->","yoast_head_json":{"title":"Au GAEC de l'Orne, une famille unie autour de l\u2019\u00e9levage - La Vie Agricole de la Meuse","robots":{"index":"index","follow":"follow","max-snippet":"max-snippet:-1","max-image-preview":"max-image-preview:large","max-video-preview":"max-video-preview:-1"},"canonical":"https:\/\/www.vieagricole-meuse.fr\/index.php\/2026\/09\/04\/au-gaec-de-lorne-une-famille-unie-autour-de-lelevage\/","og_locale":"fr_FR","og_type":"article","og_title":"Au GAEC de l'Orne, une famille unie autour de l\u2019\u00e9levage - La Vie Agricole de la Meuse","og_description":"\u00c0 Parfondrupt, une famille d\u2019\u00e9leveurs a converti son exploitation \u00e0 l\u2019agriculture biologique en 2017 et adopt\u00e9 la race jersiaise, privil\u00e9giant la qualit\u00e9 du lait. Pouss\u00e9e\u00a0par [...]","og_url":"https:\/\/www.vieagricole-meuse.fr\/index.php\/2026\/09\/04\/au-gaec-de-lorne-une-famille-unie-autour-de-lelevage\/","og_site_name":"La Vie Agricole de la Meuse","article_publisher":"https:\/\/www.facebook.com\/VieAgricole55\/","article_published_time":"2026-09-04T09:05:42+00:00","og_image":[{"width":2560,"height":1707,"url":"https:\/\/www.vieagricole-meuse.fr\/wp-content\/uploads\/2026\/09\/IMG_8387-scaled.jpg","type":"image\/jpeg"}],"author":"AURELIE JOZWIK","twitter_card":"summary_large_image","twitter_creator":"@VieAgricole55","twitter_site":"@VieAgricole55","twitter_misc":{"\u00c9crit par":"AURELIE JOZWIK","Dur\u00e9e de lecture estim\u00e9e":"4 minutes"},"schema":{"@context":"https:\/\/schema.org","@graph":[{"@type":"Article","@id":"https:\/\/www.vieagricole-meuse.fr\/index.php\/2026\/09\/04\/au-gaec-de-lorne-une-famille-unie-autour-de-lelevage\/#article","isPartOf":{"@id":"https:\/\/www.vieagricole-meuse.fr\/index.php\/2026\/09\/04\/au-gaec-de-lorne-une-famille-unie-autour-de-lelevage\/"},"author":{"name":"AURELIE JOZWIK","@id":"https:\/\/www.vieagricole-meuse.fr\/#\/schema\/person\/f6efa031254d3676a0eaa49eb185abac"},"headline":"Au GAEC de l&rsquo;Orne, une famille unie autour de l\u2019\u00e9levage","datePublished":"2026-09-04T09:05:42+00:00","mainEntityOfPage":{"@id":"https:\/\/www.vieagricole-meuse.fr\/index.php\/2026\/09\/04\/au-gaec-de-lorne-une-famille-unie-autour-de-lelevage\/"},"wordCount":807,"publisher":{"@id":"https:\/\/www.vieagricole-meuse.fr\/#organization"},"image":{"@id":"https:\/\/www.vieagricole-meuse.fr\/index.php\/2026\/09\/04\/au-gaec-de-lorne-une-famille-unie-autour-de-lelevage\/#primaryimage"},"thumbnailUrl":"https:\/\/www.vieagricole-meuse.fr\/wp-content\/uploads\/2026\/09\/IMG_8387-scaled.jpg","articleSection":["Elevages"],"inLanguage":"fr-FR"},{"@type":"WebPage","@id":"https:\/\/www.vieagricole-meuse.fr\/index.php\/2026\/09\/04\/au-gaec-de-lorne-une-famille-unie-autour-de-lelevage\/","url":"https:\/\/www.vieagricole-meuse.fr\/index.php\/2026\/09\/04\/au-gaec-de-lorne-une-famille-unie-autour-de-lelevage\/","name":"Au GAEC de l'Orne, une famille unie autour de l\u2019\u00e9levage - La Vie Agricole de la Meuse","isPartOf":{"@id":"https:\/\/www.vieagricole-meuse.fr\/#website"},"primaryImageOfPage":{"@id":"https:\/\/www.vieagricole-meuse.fr\/index.php\/2026\/09\/04\/au-gaec-de-lorne-une-famille-unie-autour-de-lelevage\/#primaryimage"},"image":{"@id":"https:\/\/www.vieagricole-meuse.fr\/index.php\/2026\/09\/04\/au-gaec-de-lorne-une-famille-unie-autour-de-lelevage\/#primaryimage"},"thumbnailUrl":"https:\/\/www.vieagricole-meuse.fr\/wp-content\/uploads\/2026\/09\/IMG_8387-scaled.jpg","datePublished":"2026-09-04T09:05:42+00:00","breadcrumb":{"@id":"https:\/\/www.vieagricole-meuse.fr\/index.php\/2026\/09\/04\/au-gaec-de-lorne-une-famille-unie-autour-de-lelevage\/#breadcrumb"},"inLanguage":"fr-FR","potentialAction":[{"@type":"ReadAction","target":["https:\/\/www.vieagricole-meuse.fr\/index.php\/2026\/09\/04\/au-gaec-de-lorne-une-famille-unie-autour-de-lelevage\/"]}]},{"@type":"ImageObject","inLanguage":"fr-FR","@id":"https:\/\/www.vieagricole-meuse.fr\/index.php\/2026\/09\/04\/au-gaec-de-lorne-une-famille-unie-autour-de-lelevage\/#primaryimage","url":"https:\/\/www.vieagricole-meuse.fr\/wp-content\/uploads\/2026\/09\/IMG_8387-scaled.jpg","contentUrl":"https:\/\/www.vieagricole-meuse.fr\/wp-content\/uploads\/2026\/09\/IMG_8387-scaled.jpg","width":2560,"height":1707},{"@type":"BreadcrumbList","@id":"https:\/\/www.vieagricole-meuse.fr\/index.php\/2026\/09\/04\/au-gaec-de-lorne-une-famille-unie-autour-de-lelevage\/#breadcrumb","itemListElement":[{"@type":"ListItem","position":1,"name":"Accueil","item":"https:\/\/www.vieagricole-meuse.fr\/"},{"@type":"ListItem","position":2,"name":"Au GAEC de l&rsquo;Orne, une famille unie autour de l\u2019\u00e9levage"}]},{"@type":"WebSite","@id":"https:\/\/www.vieagricole-meuse.fr\/#website","url":"https:\/\/www.vieagricole-meuse.fr\/","name":"La Vie Agricole de la Meuse","description":"L&#039;information meusienne de proximit\u00e9","publisher":{"@id":"https:\/\/www.vieagricole-meuse.fr\/#organization"},"potentialAction":[{"@type":"SearchAction","target":{"@type":"EntryPoint","urlTemplate":"https:\/\/www.vieagricole-meuse.fr\/?s={search_term_string}"},"query-input":{"@type":"PropertyValueSpecification","valueRequired":true,"valueName":"search_term_string"}}],"inLanguage":"fr-FR"},{"@type":"Organization","@id":"https:\/\/www.vieagricole-meuse.fr\/#organization","name":"La Vie Agricole de la Meuse","url":"https:\/\/www.vieagricole-meuse.fr\/","logo":{"@type":"ImageObject","inLanguage":"fr-FR","@id":"https:\/\/www.vieagricole-meuse.fr\/#\/schema\/logo\/image\/","url":"https:\/\/www.vieagricole-meuse.fr\/wp-content\/uploads\/2024\/04\/cropped-cropped-baniere.png","contentUrl":"https:\/\/www.vieagricole-meuse.fr\/wp-content\/uploads\/2024\/04\/cropped-cropped-baniere.png","width":1183,"height":233,"caption":"La Vie Agricole de la Meuse"},"image":{"@id":"https:\/\/www.vieagricole-meuse.fr\/#\/schema\/logo\/image\/"},"sameAs":["https:\/\/www.facebook.com\/VieAgricole55\/","https:\/\/x.com\/VieAgricole55","https:\/\/www.linkedin.com\/company\/88410665\/"]},{"@type":"Person","@id":"https:\/\/www.vieagricole-meuse.fr\/#\/schema\/person\/f6efa031254d3676a0eaa49eb185abac","name":"AURELIE JOZWIK","image":{"@type":"ImageObject","inLanguage":"fr-FR","@id":"https:\/\/secure.gravatar.com\/avatar\/e6dcd5eeb7d902182c9f68aac11a527dceff206d40c27c38db3791f1e80b286e?s=96&d=mm&r=g","url":"https:\/\/secure.gravatar.com\/avatar\/e6dcd5eeb7d902182c9f68aac11a527dceff206d40c27c38db3791f1e80b286e?s=96&d=mm&r=g","contentUrl":"https:\/\/secure.gravatar.com\/avatar\/e6dcd5eeb7d902182c9f68aac11a527dceff206d40c27c38db3791f1e80b286e?s=96&d=mm&r=g","caption":"AURELIE JOZWIK"},"url":"https:\/\/www.vieagricole-meuse.fr\/index.php\/author\/ajozwik\/"}]}},"jetpack_publicize_connections":[],"_links":{"self":[{"href":"https:\/\/www.vieagricole-meuse.fr\/index.php\/wp-json\/wp\/v2\/posts\/4127","targetHints":{"allow":["GET"]}}],"collection":[{"href":"https:\/\/www.vieagricole-meuse.fr\/index.php\/wp-json\/wp\/v2\/posts"}],"about":[{"href":"https:\/\/www.vieagricole-meuse.fr\/index.php\/wp-json\/wp\/v2\/types\/post"}],"author":[{"embeddable":true,"href":"https:\/\/www.vieagricole-meuse.fr\/index.php\/wp-json\/wp\/v2\/users\/4"}],"replies":[{"embeddable":true,"href":"https:\/\/www.vieagricole-meuse.fr\/index.php\/wp-json\/wp\/v2\/comments?post=4127"}],"version-history":[{"count":1,"href":"https:\/\/www.vieagricole-meuse.fr\/index.php\/wp-json\/wp\/v2\/posts\/4127\/revisions"}],"predecessor-version":[{"id":4129,"href":"https:\/\/www.vieagricole-meuse.fr\/index.php\/wp-json\/wp\/v2\/posts\/4127\/revisions\/4129"}],"wp:featuredmedia":[{"embeddable":true,"href":"https:\/\/www.vieagricole-meuse.fr\/index.php\/wp-json\/wp\/v2\/media\/4128"}],"wp:attachment":[{"href":"https:\/\/www.vieagricole-meuse.fr\/index.php\/wp-json\/wp\/v2\/media?parent=4127"}],"wp:term":[{"taxonomy":"category","embeddable":true,"href":"https:\/\/www.vieagricole-meuse.fr\/index.php\/wp-json\/wp\/v2\/categories?post=4127"},{"taxonomy":"post_tag","embeddable":true,"href":"https:\/\/www.vieagricole-meuse.fr\/index.php\/wp-json\/wp\/v2\/tags?post=4127"}],"curies":[{"name":"wp","href":"https:\/\/api.w.org\/{rel}","templated":true}]}}