{"id":4135,"date":"2026-09-05T09:00:00","date_gmt":"2026-09-05T07:00:00","guid":{"rendered":"https:\/\/www.vieagricole-meuse.fr\/?p=4135"},"modified":"2026-09-03T15:43:38","modified_gmt":"2026-09-03T13:43:38","slug":"une-journee-dediee-aux-scolaires-sur-le-village-agricole","status":"publish","type":"post","link":"https:\/\/www.vieagricole-meuse.fr\/index.php\/2026\/09\/05\/une-journee-dediee-aux-scolaires-sur-le-village-agricole\/","title":{"rendered":"Une journ\u00e9e d\u00e9di\u00e9e aux scolaires sur le Village agricole"},"content":{"rendered":"Plusieurs \u00e9coles sont attendues, vendredi 11 septembre, sur l\u2019espace agricole de Verdun Expo. Les \u00e9l\u00e8ves pourront d\u00e9couvrir les m\u00e9tiers de l\u2019agriculture gr\u00e2ce \u00e0 plusieurs animations propos\u00e9es par les organisations professionnelles. La Chambre d\u2019agriculture sera notamment pr\u00e9sente pour parler des m\u00e9tiers. Sur place \u00e9galement, la ferme p\u00e9dagogique de Pascal Lefranc permettra <a href=\"https:\/\/www.vieagricole-meuse.fr\/index.php\/2026\/09\/05\/une-journee-dediee-aux-scolaires-sur-le-village-agricole\/\" class=\"more-link\">(suite\u2026)<\/a>","protected":false},"excerpt":{"rendered":"<p>Plusieurs \u00e9coles sont attendues, vendredi 11 septembre, sur l\u2019espace agricole de Verdun Expo. Les \u00e9l\u00e8ves pourront d\u00e9couvrir les m\u00e9tiers de l\u2019agriculture gr\u00e2ce \u00e0 plusieurs animations [&#8230;]<\/p>\n","protected":false},"author":1,"featured_media":4136,"comment_status":"closed","ping_status":"closed","sticky":false,"template":"","format":"standard","meta":{"_monsterinsights_skip_tracking":false,"footnotes":"","jetpack_publicize_message":"","jetpack_publicize_feature_enabled":true,"jetpack_social_post_already_shared":true,"jetpack_social_options":{"image_generator_settings":{"template":"highway","default_image_id":0,"font":"","enabled":false},"version":2}},"categories":[5],"tags":[],"class_list":["post-4135","post","type-post","status-publish","format-standard","has-post-thumbnail","hentry","category-initiatives"],"yoast_head":"<!-- This site is optimized with the Yoast SEO plugin v28.4 - https:\/\/yoast.com\/product\/yoast-seo-wordpress\/ -->\n<title>Une journ\u00e9e d\u00e9di\u00e9e aux scolaires sur le Village agricole - La Vie Agricole de la Meuse<\/title>\n<meta name=\"robots\" content=\"index, follow, max-snippet:-1, max-image-preview:large, max-video-preview:-1\" \/>\n<link rel=\"canonical\" href=\"https:\/\/www.vieagricole-meuse.fr\/index.php\/2026\/09\/05\/une-journee-dediee-aux-scolaires-sur-le-village-agricole\/\" \/>\n<meta property=\"og:locale\" content=\"fr_FR\" \/>\n<meta property=\"og:type\" content=\"article\" \/>\n<meta property=\"og:title\" content=\"Une journ\u00e9e d\u00e9di\u00e9e aux scolaires sur le Village agricole - La Vie Agricole de la Meuse\" \/>\n<meta property=\"og:description\" content=\"Plusieurs \u00e9coles sont attendues, vendredi 11 septembre, sur l\u2019espace agricole de Verdun Expo. Les \u00e9l\u00e8ves pourront d\u00e9couvrir les m\u00e9tiers de l\u2019agriculture gr\u00e2ce \u00e0 plusieurs animations [...]\" \/>\n<meta property=\"og:url\" content=\"https:\/\/www.vieagricole-meuse.fr\/index.php\/2026\/09\/05\/une-journee-dediee-aux-scolaires-sur-le-village-agricole\/\" \/>\n<meta property=\"og:site_name\" content=\"La Vie Agricole de la Meuse\" \/>\n<meta property=\"article:publisher\" content=\"https:\/\/www.facebook.com\/VieAgricole55\/\" \/>\n<meta property=\"article:published_time\" content=\"2026-09-05T07:00:00+00:00\" \/>\n<meta property=\"og:image\" content=\"https:\/\/www.vieagricole-meuse.fr\/wp-content\/uploads\/2026\/09\/DSCF6109-scaled.jpg\" \/>\n\t<meta property=\"og:image:width\" content=\"2560\" \/>\n\t<meta property=\"og:image:height\" content=\"1920\" \/>\n\t<meta property=\"og:image:type\" content=\"image\/jpeg\" \/>\n<meta name=\"author\" content=\"La Vie Agricole\" \/>\n<meta name=\"twitter:card\" content=\"summary_large_image\" \/>\n<meta name=\"twitter:creator\" content=\"@VieAgricole55\" \/>\n<meta name=\"twitter:site\" content=\"@VieAgricole55\" \/>\n<meta name=\"twitter:label1\" content=\"\u00c9crit par\" \/>\n\t<meta name=\"twitter:data1\" content=\"La Vie Agricole\" \/>\n\t<meta name=\"twitter:label2\" content=\"Dur\u00e9e de lecture estim\u00e9e\" \/>\n\t<meta name=\"twitter:data2\" content=\"1 minute\" \/>\n<script type=\"application\/ld+json\" class=\"yoast-schema-graph\">{\"@context\":\"https:\\\/\\\/schema.org\",\"@graph\":[{\"@type\":\"Article\",\"@id\":\"https:\\\/\\\/www.vieagricole-meuse.fr\\\/index.php\\\/2026\\\/09\\\/05\\\/une-journee-dediee-aux-scolaires-sur-le-village-agricole\\\/#article\",\"isPartOf\":{\"@id\":\"https:\\\/\\\/www.vieagricole-meuse.fr\\\/index.php\\\/2026\\\/09\\\/05\\\/une-journee-dediee-aux-scolaires-sur-le-village-agricole\\\/\"},\"author\":{\"name\":\"La Vie Agricole\",\"@id\":\"https:\\\/\\\/www.vieagricole-meuse.fr\\\/#\\\/schema\\\/person\\\/ed64c546ce34f2879a904c5cb7605065\"},\"headline\":\"Une journ\u00e9e d\u00e9di\u00e9e aux scolaires sur le Village agricole\",\"datePublished\":\"2026-09-05T07:00:00+00:00\",\"mainEntityOfPage\":{\"@id\":\"https:\\\/\\\/www.vieagricole-meuse.fr\\\/index.php\\\/2026\\\/09\\\/05\\\/une-journee-dediee-aux-scolaires-sur-le-village-agricole\\\/\"},\"wordCount\":171,\"publisher\":{\"@id\":\"https:\\\/\\\/www.vieagricole-meuse.fr\\\/#organization\"},\"image\":{\"@id\":\"https:\\\/\\\/www.vieagricole-meuse.fr\\\/index.php\\\/2026\\\/09\\\/05\\\/une-journee-dediee-aux-scolaires-sur-le-village-agricole\\\/#primaryimage\"},\"thumbnailUrl\":\"https:\\\/\\\/www.vieagricole-meuse.fr\\\/wp-content\\\/uploads\\\/2026\\\/09\\\/DSCF6109-scaled.jpg\",\"articleSection\":[\"Initiatives\"],\"inLanguage\":\"fr-FR\"},{\"@type\":\"WebPage\",\"@id\":\"https:\\\/\\\/www.vieagricole-meuse.fr\\\/index.php\\\/2026\\\/09\\\/05\\\/une-journee-dediee-aux-scolaires-sur-le-village-agricole\\\/\",\"url\":\"https:\\\/\\\/www.vieagricole-meuse.fr\\\/index.php\\\/2026\\\/09\\\/05\\\/une-journee-dediee-aux-scolaires-sur-le-village-agricole\\\/\",\"name\":\"Une journ\u00e9e d\u00e9di\u00e9e aux scolaires sur le Village agricole - La Vie Agricole de la Meuse\",\"isPartOf\":{\"@id\":\"https:\\\/\\\/www.vieagricole-meuse.fr\\\/#website\"},\"primaryImageOfPage\":{\"@id\":\"https:\\\/\\\/www.vieagricole-meuse.fr\\\/index.php\\\/2026\\\/09\\\/05\\\/une-journee-dediee-aux-scolaires-sur-le-village-agricole\\\/#primaryimage\"},\"image\":{\"@id\":\"https:\\\/\\\/www.vieagricole-meuse.fr\\\/index.php\\\/2026\\\/09\\\/05\\\/une-journee-dediee-aux-scolaires-sur-le-village-agricole\\\/#primaryimage\"},\"thumbnailUrl\":\"https:\\\/\\\/www.vieagricole-meuse.fr\\\/wp-content\\\/uploads\\\/2026\\\/09\\\/DSCF6109-scaled.jpg\",\"datePublished\":\"2026-09-05T07:00:00+00:00\",\"breadcrumb\":{\"@id\":\"https:\\\/\\\/www.vieagricole-meuse.fr\\\/index.php\\\/2026\\\/09\\\/05\\\/une-journee-dediee-aux-scolaires-sur-le-village-agricole\\\/#breadcrumb\"},\"inLanguage\":\"fr-FR\",\"potentialAction\":[{\"@type\":\"ReadAction\",\"target\":[\"https:\\\/\\\/www.vieagricole-meuse.fr\\\/index.php\\\/2026\\\/09\\\/05\\\/une-journee-dediee-aux-scolaires-sur-le-village-agricole\\\/\"]}]},{\"@type\":\"ImageObject\",\"inLanguage\":\"fr-FR\",\"@id\":\"https:\\\/\\\/www.vieagricole-meuse.fr\\\/index.php\\\/2026\\\/09\\\/05\\\/une-journee-dediee-aux-scolaires-sur-le-village-agricole\\\/#primaryimage\",\"url\":\"https:\\\/\\\/www.vieagricole-meuse.fr\\\/wp-content\\\/uploads\\\/2026\\\/09\\\/DSCF6109-scaled.jpg\",\"contentUrl\":\"https:\\\/\\\/www.vieagricole-meuse.fr\\\/wp-content\\\/uploads\\\/2026\\\/09\\\/DSCF6109-scaled.jpg\",\"width\":2560,\"height\":1920},{\"@type\":\"BreadcrumbList\",\"@id\":\"https:\\\/\\\/www.vieagricole-meuse.fr\\\/index.php\\\/2026\\\/09\\\/05\\\/une-journee-dediee-aux-scolaires-sur-le-village-agricole\\\/#breadcrumb\",\"itemListElement\":[{\"@type\":\"ListItem\",\"position\":1,\"name\":\"Accueil\",\"item\":\"https:\\\/\\\/www.vieagricole-meuse.fr\\\/\"},{\"@type\":\"ListItem\",\"position\":2,\"name\":\"Une journ\u00e9e d\u00e9di\u00e9e aux scolaires sur le Village agricole\"}]},{\"@type\":\"WebSite\",\"@id\":\"https:\\\/\\\/www.vieagricole-meuse.fr\\\/#website\",\"url\":\"https:\\\/\\\/www.vieagricole-meuse.fr\\\/\",\"name\":\"La Vie Agricole de la Meuse\",\"description\":\"L&#039;information meusienne de proximit\u00e9\",\"publisher\":{\"@id\":\"https:\\\/\\\/www.vieagricole-meuse.fr\\\/#organization\"},\"potentialAction\":[{\"@type\":\"SearchAction\",\"target\":{\"@type\":\"EntryPoint\",\"urlTemplate\":\"https:\\\/\\\/www.vieagricole-meuse.fr\\\/?s={search_term_string}\"},\"query-input\":{\"@type\":\"PropertyValueSpecification\",\"valueRequired\":true,\"valueName\":\"search_term_string\"}}],\"inLanguage\":\"fr-FR\"},{\"@type\":\"Organization\",\"@id\":\"https:\\\/\\\/www.vieagricole-meuse.fr\\\/#organization\",\"name\":\"La Vie Agricole de la Meuse\",\"url\":\"https:\\\/\\\/www.vieagricole-meuse.fr\\\/\",\"logo\":{\"@type\":\"ImageObject\",\"inLanguage\":\"fr-FR\",\"@id\":\"https:\\\/\\\/www.vieagricole-meuse.fr\\\/#\\\/schema\\\/logo\\\/image\\\/\",\"url\":\"https:\\\/\\\/www.vieagricole-meuse.fr\\\/wp-content\\\/uploads\\\/2024\\\/04\\\/cropped-cropped-baniere.png\",\"contentUrl\":\"https:\\\/\\\/www.vieagricole-meuse.fr\\\/wp-content\\\/uploads\\\/2024\\\/04\\\/cropped-cropped-baniere.png\",\"width\":1183,\"height\":233,\"caption\":\"La Vie Agricole de la Meuse\"},\"image\":{\"@id\":\"https:\\\/\\\/www.vieagricole-meuse.fr\\\/#\\\/schema\\\/logo\\\/image\\\/\"},\"sameAs\":[\"https:\\\/\\\/www.facebook.com\\\/VieAgricole55\\\/\",\"https:\\\/\\\/x.com\\\/VieAgricole55\",\"https:\\\/\\\/www.linkedin.com\\\/company\\\/88410665\\\/\"]},{\"@type\":\"Person\",\"@id\":\"https:\\\/\\\/www.vieagricole-meuse.fr\\\/#\\\/schema\\\/person\\\/ed64c546ce34f2879a904c5cb7605065\",\"name\":\"La Vie Agricole\",\"image\":{\"@type\":\"ImageObject\",\"inLanguage\":\"fr-FR\",\"@id\":\"https:\\\/\\\/secure.gravatar.com\\\/avatar\\\/709e273a9b2caa959f03635514f1f0ec6c0bed6d3b589533417720dba44356e6?s=96&d=mm&r=g\",\"url\":\"https:\\\/\\\/secure.gravatar.com\\\/avatar\\\/709e273a9b2caa959f03635514f1f0ec6c0bed6d3b589533417720dba44356e6?s=96&d=mm&r=g\",\"contentUrl\":\"https:\\\/\\\/secure.gravatar.com\\\/avatar\\\/709e273a9b2caa959f03635514f1f0ec6c0bed6d3b589533417720dba44356e6?s=96&d=mm&r=g\",\"caption\":\"La Vie Agricole\"},\"sameAs\":[\"http:\\\/\\\/www.vieagricole-meuse.fr\"],\"url\":\"https:\\\/\\\/www.vieagricole-meuse.fr\\\/index.php\\\/author\\\/admin1910\\\/\"}]}<\/script>\n<!-- \/ Yoast SEO plugin. -->","yoast_head_json":{"title":"Une journ\u00e9e d\u00e9di\u00e9e aux scolaires sur le Village agricole - La Vie Agricole de la Meuse","robots":{"index":"index","follow":"follow","max-snippet":"max-snippet:-1","max-image-preview":"max-image-preview:large","max-video-preview":"max-video-preview:-1"},"canonical":"https:\/\/www.vieagricole-meuse.fr\/index.php\/2026\/09\/05\/une-journee-dediee-aux-scolaires-sur-le-village-agricole\/","og_locale":"fr_FR","og_type":"article","og_title":"Une journ\u00e9e d\u00e9di\u00e9e aux scolaires sur le Village agricole - La Vie Agricole de la Meuse","og_description":"Plusieurs \u00e9coles sont attendues, vendredi 11 septembre, sur l\u2019espace agricole de Verdun Expo. Les \u00e9l\u00e8ves pourront d\u00e9couvrir les m\u00e9tiers de l\u2019agriculture gr\u00e2ce \u00e0 plusieurs animations [...]","og_url":"https:\/\/www.vieagricole-meuse.fr\/index.php\/2026\/09\/05\/une-journee-dediee-aux-scolaires-sur-le-village-agricole\/","og_site_name":"La Vie Agricole de la Meuse","article_publisher":"https:\/\/www.facebook.com\/VieAgricole55\/","article_published_time":"2026-09-05T07:00:00+00:00","og_image":[{"width":2560,"height":1920,"url":"https:\/\/www.vieagricole-meuse.fr\/wp-content\/uploads\/2026\/09\/DSCF6109-scaled.jpg","type":"image\/jpeg"}],"author":"La Vie Agricole","twitter_card":"summary_large_image","twitter_creator":"@VieAgricole55","twitter_site":"@VieAgricole55","twitter_misc":{"\u00c9crit par":"La Vie Agricole","Dur\u00e9e de lecture estim\u00e9e":"1 minute"},"schema":{"@context":"https:\/\/schema.org","@graph":[{"@type":"Article","@id":"https:\/\/www.vieagricole-meuse.fr\/index.php\/2026\/09\/05\/une-journee-dediee-aux-scolaires-sur-le-village-agricole\/#article","isPartOf":{"@id":"https:\/\/www.vieagricole-meuse.fr\/index.php\/2026\/09\/05\/une-journee-dediee-aux-scolaires-sur-le-village-agricole\/"},"author":{"name":"La Vie Agricole","@id":"https:\/\/www.vieagricole-meuse.fr\/#\/schema\/person\/ed64c546ce34f2879a904c5cb7605065"},"headline":"Une journ\u00e9e d\u00e9di\u00e9e aux scolaires sur le Village agricole","datePublished":"2026-09-05T07:00:00+00:00","mainEntityOfPage":{"@id":"https:\/\/www.vieagricole-meuse.fr\/index.php\/2026\/09\/05\/une-journee-dediee-aux-scolaires-sur-le-village-agricole\/"},"wordCount":171,"publisher":{"@id":"https:\/\/www.vieagricole-meuse.fr\/#organization"},"image":{"@id":"https:\/\/www.vieagricole-meuse.fr\/index.php\/2026\/09\/05\/une-journee-dediee-aux-scolaires-sur-le-village-agricole\/#primaryimage"},"thumbnailUrl":"https:\/\/www.vieagricole-meuse.fr\/wp-content\/uploads\/2026\/09\/DSCF6109-scaled.jpg","articleSection":["Initiatives"],"inLanguage":"fr-FR"},{"@type":"WebPage","@id":"https:\/\/www.vieagricole-meuse.fr\/index.php\/2026\/09\/05\/une-journee-dediee-aux-scolaires-sur-le-village-agricole\/","url":"https:\/\/www.vieagricole-meuse.fr\/index.php\/2026\/09\/05\/une-journee-dediee-aux-scolaires-sur-le-village-agricole\/","name":"Une journ\u00e9e d\u00e9di\u00e9e aux scolaires sur le Village agricole - La Vie Agricole de la Meuse","isPartOf":{"@id":"https:\/\/www.vieagricole-meuse.fr\/#website"},"primaryImageOfPage":{"@id":"https:\/\/www.vieagricole-meuse.fr\/index.php\/2026\/09\/05\/une-journee-dediee-aux-scolaires-sur-le-village-agricole\/#primaryimage"},"image":{"@id":"https:\/\/www.vieagricole-meuse.fr\/index.php\/2026\/09\/05\/une-journee-dediee-aux-scolaires-sur-le-village-agricole\/#primaryimage"},"thumbnailUrl":"https:\/\/www.vieagricole-meuse.fr\/wp-content\/uploads\/2026\/09\/DSCF6109-scaled.jpg","datePublished":"2026-09-05T07:00:00+00:00","breadcrumb":{"@id":"https:\/\/www.vieagricole-meuse.fr\/index.php\/2026\/09\/05\/une-journee-dediee-aux-scolaires-sur-le-village-agricole\/#breadcrumb"},"inLanguage":"fr-FR","potentialAction":[{"@type":"ReadAction","target":["https:\/\/www.vieagricole-meuse.fr\/index.php\/2026\/09\/05\/une-journee-dediee-aux-scolaires-sur-le-village-agricole\/"]}]},{"@type":"ImageObject","inLanguage":"fr-FR","@id":"https:\/\/www.vieagricole-meuse.fr\/index.php\/2026\/09\/05\/une-journee-dediee-aux-scolaires-sur-le-village-agricole\/#primaryimage","url":"https:\/\/www.vieagricole-meuse.fr\/wp-content\/uploads\/2026\/09\/DSCF6109-scaled.jpg","contentUrl":"https:\/\/www.vieagricole-meuse.fr\/wp-content\/uploads\/2026\/09\/DSCF6109-scaled.jpg","width":2560,"height":1920},{"@type":"BreadcrumbList","@id":"https:\/\/www.vieagricole-meuse.fr\/index.php\/2026\/09\/05\/une-journee-dediee-aux-scolaires-sur-le-village-agricole\/#breadcrumb","itemListElement":[{"@type":"ListItem","position":1,"name":"Accueil","item":"https:\/\/www.vieagricole-meuse.fr\/"},{"@type":"ListItem","position":2,"name":"Une journ\u00e9e d\u00e9di\u00e9e aux scolaires sur le Village agricole"}]},{"@type":"WebSite","@id":"https:\/\/www.vieagricole-meuse.fr\/#website","url":"https:\/\/www.vieagricole-meuse.fr\/","name":"La Vie Agricole de la Meuse","description":"L&#039;information meusienne de proximit\u00e9","publisher":{"@id":"https:\/\/www.vieagricole-meuse.fr\/#organization"},"potentialAction":[{"@type":"SearchAction","target":{"@type":"EntryPoint","urlTemplate":"https:\/\/www.vieagricole-meuse.fr\/?s={search_term_string}"},"query-input":{"@type":"PropertyValueSpecification","valueRequired":true,"valueName":"search_term_string"}}],"inLanguage":"fr-FR"},{"@type":"Organization","@id":"https:\/\/www.vieagricole-meuse.fr\/#organization","name":"La Vie Agricole de la Meuse","url":"https:\/\/www.vieagricole-meuse.fr\/","logo":{"@type":"ImageObject","inLanguage":"fr-FR","@id":"https:\/\/www.vieagricole-meuse.fr\/#\/schema\/logo\/image\/","url":"https:\/\/www.vieagricole-meuse.fr\/wp-content\/uploads\/2024\/04\/cropped-cropped-baniere.png","contentUrl":"https:\/\/www.vieagricole-meuse.fr\/wp-content\/uploads\/2024\/04\/cropped-cropped-baniere.png","width":1183,"height":233,"caption":"La Vie Agricole de la Meuse"},"image":{"@id":"https:\/\/www.vieagricole-meuse.fr\/#\/schema\/logo\/image\/"},"sameAs":["https:\/\/www.facebook.com\/VieAgricole55\/","https:\/\/x.com\/VieAgricole55","https:\/\/www.linkedin.com\/company\/88410665\/"]},{"@type":"Person","@id":"https:\/\/www.vieagricole-meuse.fr\/#\/schema\/person\/ed64c546ce34f2879a904c5cb7605065","name":"La Vie Agricole","image":{"@type":"ImageObject","inLanguage":"fr-FR","@id":"https:\/\/secure.gravatar.com\/avatar\/709e273a9b2caa959f03635514f1f0ec6c0bed6d3b589533417720dba44356e6?s=96&d=mm&r=g","url":"https:\/\/secure.gravatar.com\/avatar\/709e273a9b2caa959f03635514f1f0ec6c0bed6d3b589533417720dba44356e6?s=96&d=mm&r=g","contentUrl":"https:\/\/secure.gravatar.com\/avatar\/709e273a9b2caa959f03635514f1f0ec6c0bed6d3b589533417720dba44356e6?s=96&d=mm&r=g","caption":"La Vie Agricole"},"sameAs":["http:\/\/www.vieagricole-meuse.fr"],"url":"https:\/\/www.vieagricole-meuse.fr\/index.php\/author\/admin1910\/"}]}},"jetpack_publicize_connections":[],"_links":{"self":[{"href":"https:\/\/www.vieagricole-meuse.fr\/index.php\/wp-json\/wp\/v2\/posts\/4135","targetHints":{"allow":["GET"]}}],"collection":[{"href":"https:\/\/www.vieagricole-meuse.fr\/index.php\/wp-json\/wp\/v2\/posts"}],"about":[{"href":"https:\/\/www.vieagricole-meuse.fr\/index.php\/wp-json\/wp\/v2\/types\/post"}],"author":[{"embeddable":true,"href":"https:\/\/www.vieagricole-meuse.fr\/index.php\/wp-json\/wp\/v2\/users\/1"}],"replies":[{"embeddable":true,"href":"https:\/\/www.vieagricole-meuse.fr\/index.php\/wp-json\/wp\/v2\/comments?post=4135"}],"version-history":[{"count":1,"href":"https:\/\/www.vieagricole-meuse.fr\/index.php\/wp-json\/wp\/v2\/posts\/4135\/revisions"}],"predecessor-version":[{"id":4137,"href":"https:\/\/www.vieagricole-meuse.fr\/index.php\/wp-json\/wp\/v2\/posts\/4135\/revisions\/4137"}],"wp:featuredmedia":[{"embeddable":true,"href":"https:\/\/www.vieagricole-meuse.fr\/index.php\/wp-json\/wp\/v2\/media\/4136"}],"wp:attachment":[{"href":"https:\/\/www.vieagricole-meuse.fr\/index.php\/wp-json\/wp\/v2\/media?parent=4135"}],"wp:term":[{"taxonomy":"category","embeddable":true,"href":"https:\/\/www.vieagricole-meuse.fr\/index.php\/wp-json\/wp\/v2\/categories?post=4135"},{"taxonomy":"post_tag","embeddable":true,"href":"https:\/\/www.vieagricole-meuse.fr\/index.php\/wp-json\/wp\/v2\/tags?post=4135"}],"curies":[{"name":"wp","href":"https:\/\/api.w.org\/{rel}","templated":true}]}}